{"id":140,"date":"2007-09-24T16:45:05","date_gmt":"2007-09-24T16:45:05","guid":{"rendered":"http:\/\/heimatbund.wuelfingen.de\/?p=140"},"modified":"2013-10-27T19:33:19","modified_gmt":"2013-10-27T19:33:19","slug":"enthullung-gedenkstein-hardingsen","status":"publish","type":"post","link":"https:\/\/wuelfingen.de\/heimatbund\/?p=140","title":{"rendered":"Enth\u00fcllung Gedenkstein Hardingsen"},"content":{"rendered":"<p>W\u00e4hrend unserer Grenzbegehung im Jahr 2007, Enth\u00fcllung eines Steines zur Erinnerung an das Dorf Hardingsen, das um 1500 w\u00fcst geworden ist.<\/p>\n<p><a href=\"http:\/\/heimatbund.wuelfingen.de\/wp-content\/uploads\/2007\/10\/G14.jpg\"><img loading=\"lazy\" decoding=\"async\" class=\"alignnone size-thumbnail wp-image-100\" alt=\"G14\" src=\"http:\/\/heimatbund.wuelfingen.de\/wp-content\/uploads\/2007\/10\/G14-150x150.jpg\" width=\"150\" height=\"150\" \/><\/a> <a href=\"http:\/\/heimatbund.wuelfingen.de\/wp-content\/uploads\/2007\/10\/G15.jpg\"><img loading=\"lazy\" decoding=\"async\" class=\"alignnone size-thumbnail wp-image-101\" alt=\"G15\" src=\"http:\/\/heimatbund.wuelfingen.de\/wp-content\/uploads\/2007\/10\/G15-150x150.jpg\" width=\"150\" height=\"150\" \/><\/a> <a href=\"http:\/\/heimatbund.wuelfingen.de\/wp-content\/uploads\/2007\/10\/G16.jpg\"><img loading=\"lazy\" decoding=\"async\" class=\"alignnone size-thumbnail wp-image-102\" alt=\"G16\" src=\"http:\/\/heimatbund.wuelfingen.de\/wp-content\/uploads\/2007\/10\/G16-150x150.jpg\" width=\"150\" height=\"150\" \/><\/a> <a href=\"http:\/\/heimatbund.wuelfingen.de\/wp-content\/uploads\/2007\/10\/G18.jpg\"><img loading=\"lazy\" decoding=\"async\" class=\"alignnone size-thumbnail wp-image-103\" alt=\"G18\" src=\"http:\/\/heimatbund.wuelfingen.de\/wp-content\/uploads\/2007\/10\/G18-150x150.jpg\" width=\"150\" height=\"150\" \/><\/a> <a href=\"http:\/\/heimatbund.wuelfingen.de\/wp-content\/uploads\/2007\/10\/G12.jpg\"><img loading=\"lazy\" decoding=\"async\" class=\"alignnone size-thumbnail wp-image-98\" alt=\"G12\" src=\"http:\/\/heimatbund.wuelfingen.de\/wp-content\/uploads\/2007\/10\/G12-150x150.jpg\" width=\"150\" height=\"150\" \/><\/a><\/p>\n","protected":false},"excerpt":{"rendered":"<p>W\u00e4hrend unserer Grenzbegehung im Jahr 2007, Enth\u00fcllung eines Steines zur Erinnerung an das Dorf Hardingsen, das um 1500 w\u00fcst geworden ist.<\/p>\n","protected":false},"author":2,"featured_media":0,"comment_status":"closed","ping_status":"closed","sticky":false,"template":"","format":"standard","meta":{"footnotes":""},"categories":[17,4],"tags":[12,11],"class_list":["post-140","post","type-post","status-publish","format-standard","hentry","category-aktivitaten","category-startseite","tag-12","tag-hardingsen"],"_links":{"self":[{"href":"https:\/\/wuelfingen.de\/heimatbund\/index.php?rest_route=\/wp\/v2\/posts\/140","targetHints":{"allow":["GET"]}}],"collection":[{"href":"https:\/\/wuelfingen.de\/heimatbund\/index.php?rest_route=\/wp\/v2\/posts"}],"about":[{"href":"https:\/\/wuelfingen.de\/heimatbund\/index.php?rest_route=\/wp\/v2\/types\/post"}],"author":[{"embeddable":true,"href":"https:\/\/wuelfingen.de\/heimatbund\/index.php?rest_route=\/wp\/v2\/users\/2"}],"replies":[{"embeddable":true,"href":"https:\/\/wuelfingen.de\/heimatbund\/index.php?rest_route=%2Fwp%2Fv2%2Fcomments&post=140"}],"version-history":[{"count":4,"href":"https:\/\/wuelfingen.de\/heimatbund\/index.php?rest_route=\/wp\/v2\/posts\/140\/revisions"}],"predecessor-version":[{"id":142,"href":"https:\/\/wuelfingen.de\/heimatbund\/index.php?rest_route=\/wp\/v2\/posts\/140\/revisions\/142"}],"wp:attachment":[{"href":"https:\/\/wuelfingen.de\/heimatbund\/index.php?rest_route=%2Fwp%2Fv2%2Fmedia&parent=140"}],"wp:term":[{"taxonomy":"category","embeddable":true,"href":"https:\/\/wuelfingen.de\/heimatbund\/index.php?rest_route=%2Fwp%2Fv2%2Fcategories&post=140"},{"taxonomy":"post_tag","embeddable":true,"href":"https:\/\/wuelfingen.de\/heimatbund\/index.php?rest_route=%2Fwp%2Fv2%2Ftags&post=140"}],"curies":[{"name":"wp","href":"https:\/\/api.w.org\/{rel}","templated":true}]}}