{"id":1865,"date":"2024-11-13T19:39:11","date_gmt":"2024-11-13T18:39:11","guid":{"rendered":"https:\/\/wuelfingen.de\/w24\/?p=1865"},"modified":"2025-06-23T13:19:23","modified_gmt":"2025-06-23T11:19:23","slug":"lebendiger-adventskalender-2024","status":"publish","type":"post","link":"https:\/\/wuelfingen.de\/w24\/uncategorized\/lebendiger-adventskalender-2024\/","title":{"rendered":"Lebendiger Adventskalender 2024"},"content":{"rendered":"\n<p>Am 1. Dezember startet wieder der \u201eLebendige Adventskalender&#8220;, eine Aktion, an der sich sieben Gastgeber beteiligen, die im Zeitraum vom 1. bis zum 22. Dezember ihre Fenster \u00f6ffnen.<\/p>\n\n\n\n<p>In der Hektik der vorweihnachtlichen Zeit vergessen wir schnell, wie sch\u00f6n die Adventszeit sein kann. In diesem Jahr wollen wir mit dem ,Lebendigen Adventskalender&#8216; wieder dazu beitragen, die Adventszeit besonders zu erleben.<\/p>\n\n\n\n<p>Daf\u00fcr treffen wir uns an verschiedenen Abenden jeweils um 18 Uhr bei verschiedenen Familien vor dem Haus und genie\u00dfen kleine Elemente zur Adventszeit: Wir singen Lieder, h\u00f6ren kurze Geschichten, trinken Tee, Gl\u00fchwein oder Punsch aus Bechern, die jeder selbst mitbringt. Wir naschen Kekse, plaudern und gehen dann um 18.30 Uhr mit einem Segenswort heim.<\/p>\n\n\n\n<p>So werden unsere H\u00e4user zum lebendigen Adventskalender. Jeder, der in der Adventszeit etwas Neues, Besinnliches\/Nachdenkliches oder kleine K\u00f6stlichkeiten entdecken m\u00f6chte, ist nat\u00fcrlich eingeladen, dabei zu sein.<\/p>\n\n\n\n<p>Die Stationen sind f\u00fcr folgende Familien festgelegt:<\/p>\n\n\n\n<ul class=\"wp-block-list\">\n<li>Sonntag, 1. Dezember: Frank Schmidt &amp; Team, Mittelstra\u00dfe 8\/Neue Stra\u00dfe 10;<\/li>\n\n\n\n<li>&nbsp;&nbsp;Mittwoch, 4. Dezember: Seniorenheim \u201eHaus W\u00fclfingen&#8220; bereits um 17.30 Uhr, Im Teiche 6;<\/li>\n\n\n\n<li>&nbsp;&nbsp;Sonntag, 8. Dezember: Familie Sievers, Neue Stra\u00dfe<\/li>\n\n\n\n<li>&nbsp;&nbsp;Mittwoch, 11. Dezember: Freiwillige Feuerwehr W\u00fclfingen, Feuerwehrhaus, Im Teiche<\/li>\n\n\n\n<li>&nbsp;&nbsp;Sonntag, 15. Dezember: Familie Storre, Leinestra\u00dfe<\/li>\n\n\n\n<li>&nbsp;&nbsp;Mittwoch, 18. Dezember: Familie Kisch, Am Schierkamp<\/li>\n\n\n\n<li>Sonntag, 22. Dezember: Familie Rehse\/Prinzler, In den Wippen<\/li>\n<\/ul>\n\n\n\n<p>Die Gastgeber freuen sich auf m\u00f6glichst viele Teilnehmende aus allen Altersgruppen.<\/p>\n","protected":false},"excerpt":{"rendered":"<p>Am 1. Dezember startet wieder der \u201eLebendige Adventskalender&#8220;, eine Aktion, an der sich sieben Gastgeber beteiligen, die im Zeitraum vom 1. bis zum 22. Dezember ihre Fenster \u00f6ffnen. In der [&hellip;]<\/p>\n","protected":false},"author":3,"featured_media":1866,"comment_status":"closed","ping_status":"closed","sticky":false,"template":"","format":"standard","meta":{"_et_pb_use_builder":"off","_et_pb_old_content":"","_et_gb_content_width":"","_price":"","_stock":"","_tribe_ticket_header":"","_tribe_default_ticket_provider":"","_tribe_ticket_capacity":"0","_ticket_start_date":"","_ticket_end_date":"","_tribe_ticket_show_description":"","_tribe_ticket_show_not_going":false,"_tribe_ticket_use_global_stock":"","_tribe_ticket_global_stock_level":"","_global_stock_mode":"","_global_stock_cap":"","_tribe_rsvp_for_event":"","_tribe_ticket_going_count":"","_tribe_ticket_not_going_count":"","_tribe_tickets_list":"[]","_tribe_ticket_has_attendee_info_fields":false,"footnotes":""},"categories":[1],"tags":[],"class_list":["post-1865","post","type-post","status-publish","format-standard","has-post-thumbnail","hentry","category-uncategorized"],"_links":{"self":[{"href":"https:\/\/wuelfingen.de\/w24\/wp-json\/wp\/v2\/posts\/1865","targetHints":{"allow":["GET"]}}],"collection":[{"href":"https:\/\/wuelfingen.de\/w24\/wp-json\/wp\/v2\/posts"}],"about":[{"href":"https:\/\/wuelfingen.de\/w24\/wp-json\/wp\/v2\/types\/post"}],"author":[{"embeddable":true,"href":"https:\/\/wuelfingen.de\/w24\/wp-json\/wp\/v2\/users\/3"}],"replies":[{"embeddable":true,"href":"https:\/\/wuelfingen.de\/w24\/wp-json\/wp\/v2\/comments?post=1865"}],"version-history":[{"count":2,"href":"https:\/\/wuelfingen.de\/w24\/wp-json\/wp\/v2\/posts\/1865\/revisions"}],"predecessor-version":[{"id":1868,"href":"https:\/\/wuelfingen.de\/w24\/wp-json\/wp\/v2\/posts\/1865\/revisions\/1868"}],"wp:featuredmedia":[{"embeddable":true,"href":"https:\/\/wuelfingen.de\/w24\/wp-json\/wp\/v2\/media\/1866"}],"wp:attachment":[{"href":"https:\/\/wuelfingen.de\/w24\/wp-json\/wp\/v2\/media?parent=1865"}],"wp:term":[{"taxonomy":"category","embeddable":true,"href":"https:\/\/wuelfingen.de\/w24\/wp-json\/wp\/v2\/categories?post=1865"},{"taxonomy":"post_tag","embeddable":true,"href":"https:\/\/wuelfingen.de\/w24\/wp-json\/wp\/v2\/tags?post=1865"}],"curies":[{"name":"wp","href":"https:\/\/api.w.org\/{rel}","templated":true}]}}