{"id":2151,"date":"2025-05-05T08:28:56","date_gmt":"2025-05-05T06:28:56","guid":{"rendered":"https:\/\/wuelfingen.de\/w24\/?p=2151"},"modified":"2025-06-23T13:10:34","modified_gmt":"2025-06-23T11:10:34","slug":"maibaumaufstellen-2025","status":"publish","type":"post","link":"https:\/\/wuelfingen.de\/w24\/uncategorized\/maibaumaufstellen-2025\/","title":{"rendered":"Maibaumaufstellen 2025"},"content":{"rendered":"\n<p>Am 30.04.2025 haben sich die Ortsans\u00e4ssigen Vereine um 15.30Uhr an der Mehrzweckhalle getroffen um alle Vorbereitung f\u00fcr die Aufstellung des Maibaums zu treffen. <\/p>\n\n\n\n<figure class=\"wp-block-gallery has-nested-images columns-default is-cropped wp-block-gallery-1 is-layout-flex wp-block-gallery-is-layout-flex\">\n<figure class=\"wp-block-image size-large\"><img loading=\"lazy\" decoding=\"async\" width=\"1024\" height=\"768\" data-id=\"2152\" src=\"https:\/\/wuelfingen.de\/w24\/wp-content\/uploads\/2025\/05\/11-1024x768.jpg\" alt=\"\" class=\"wp-image-2152\" srcset=\"https:\/\/wuelfingen.de\/w24\/wp-content\/uploads\/2025\/05\/11-1024x768.jpg 1024w, https:\/\/wuelfingen.de\/w24\/wp-content\/uploads\/2025\/05\/11-980x735.jpg 980w, https:\/\/wuelfingen.de\/w24\/wp-content\/uploads\/2025\/05\/11-480x360.jpg 480w\" sizes=\"(min-width: 0px) and (max-width: 480px) 480px, (min-width: 481px) and (max-width: 980px) 980px, (min-width: 981px) 1024px, 100vw\" \/><figcaption class=\"wp-element-caption\">Foto = Dorfgemeinschaft W\u00fclfingen<\/figcaption><\/figure>\n\n\n\n<figure class=\"wp-block-image size-large\"><img loading=\"lazy\" decoding=\"async\" width=\"1024\" height=\"768\" data-id=\"2153\" src=\"https:\/\/wuelfingen.de\/w24\/wp-content\/uploads\/2025\/05\/1111-1024x768.jpg\" alt=\"\" class=\"wp-image-2153\" srcset=\"https:\/\/wuelfingen.de\/w24\/wp-content\/uploads\/2025\/05\/1111-1024x768.jpg 1024w, https:\/\/wuelfingen.de\/w24\/wp-content\/uploads\/2025\/05\/1111-980x735.jpg 980w, https:\/\/wuelfingen.de\/w24\/wp-content\/uploads\/2025\/05\/1111-480x360.jpg 480w\" sizes=\"(min-width: 0px) and (max-width: 480px) 480px, (min-width: 481px) and (max-width: 980px) 980px, (min-width: 981px) 1024px, 100vw\" \/><figcaption class=\"wp-element-caption\">Foto = Dorfgemeinschaft W\u00fclfingen<\/figcaption><\/figure>\n<\/figure>\n\n\n\n<p>Der Ortsvorsteher Jens Fl\u00f6rke er\u00f6ffnete die Veranstaltung p\u00fcnktlich um 18Uhr und freut sich auf einen geselligen Abend. <\/p>\n\n\n\n<p>Neben gek\u00fchlten Getr\u00e4nken, frisch Gegrilltem und knusprigen Pommes wurde der Abend von einer Tanzeinlage der Turnkinder begleitet. <\/p>\n\n\n\n<div class=\"wp-block-group is-nowrap is-layout-flex wp-container-core-group-is-layout-ad2f72ca wp-block-group-is-layout-flex\">\n<figure class=\"wp-block-image size-large\"><img loading=\"lazy\" decoding=\"async\" width=\"1024\" height=\"576\" src=\"https:\/\/wuelfingen.de\/w24\/wp-content\/uploads\/2025\/05\/2222-1024x576.jpg\" alt=\"\" class=\"wp-image-2154\" srcset=\"https:\/\/wuelfingen.de\/w24\/wp-content\/uploads\/2025\/05\/2222-980x551.jpg 980w, https:\/\/wuelfingen.de\/w24\/wp-content\/uploads\/2025\/05\/2222-480x270.jpg 480w\" sizes=\"(min-width: 0px) and (max-width: 480px) 480px, (min-width: 481px) and (max-width: 980px) 980px, (min-width: 981px) 1024px, 100vw\" \/><figcaption class=\"wp-element-caption\">Foto = Dorfgemeinschaft W\u00fclfingen<\/figcaption><\/figure>\n\n\n\n<figure class=\"wp-block-image size-large\"><img loading=\"lazy\" decoding=\"async\" width=\"1024\" height=\"576\" src=\"https:\/\/wuelfingen.de\/w24\/wp-content\/uploads\/2025\/05\/22222-1024x576.jpg\" alt=\"\" class=\"wp-image-2155\" srcset=\"https:\/\/wuelfingen.de\/w24\/wp-content\/uploads\/2025\/05\/22222-980x551.jpg 980w, https:\/\/wuelfingen.de\/w24\/wp-content\/uploads\/2025\/05\/22222-480x270.jpg 480w\" sizes=\"(min-width: 0px) and (max-width: 480px) 480px, (min-width: 481px) and (max-width: 980px) 980px, (min-width: 981px) 1024px, 100vw\" \/><figcaption class=\"wp-element-caption\">Foto = Dorfgemeinschaft W\u00fclfingen<\/figcaption><\/figure>\n<\/div>\n\n\n\n<p>Der gelungene Abend wurde musikalisch mit den 4HUGS gekr\u00f6nt. Die Band hat viele Besucher auf die Tanzfl\u00e4che gezogen und dem Abend so ein besonderen Abschluss verliehen. <\/p>\n\n\n\n<p>Alles in allem war es eine mehr als gelungene Veranstaltung und wir m\u00f6chten uns bei allen Besucherinnen und Besuchern sowie Helferinnen und Helfern bedanken. <\/p>\n\n\n\n<figure class=\"wp-block-gallery has-nested-images columns-default is-cropped wp-block-gallery-2 is-layout-flex wp-block-gallery-is-layout-flex\">\n<figure class=\"wp-block-image size-large\"><img loading=\"lazy\" decoding=\"async\" width=\"1024\" height=\"768\" data-id=\"2156\" src=\"https:\/\/wuelfingen.de\/w24\/wp-content\/uploads\/2025\/05\/2-1024x768.jpg\" alt=\"\" class=\"wp-image-2156\" srcset=\"https:\/\/wuelfingen.de\/w24\/wp-content\/uploads\/2025\/05\/2-1024x768.jpg 1024w, https:\/\/wuelfingen.de\/w24\/wp-content\/uploads\/2025\/05\/2-980x735.jpg 980w, https:\/\/wuelfingen.de\/w24\/wp-content\/uploads\/2025\/05\/2-480x360.jpg 480w\" sizes=\"(min-width: 0px) and (max-width: 480px) 480px, (min-width: 481px) and (max-width: 980px) 980px, (min-width: 981px) 1024px, 100vw\" \/><figcaption class=\"wp-element-caption\">Foto = Dorfgemeinschaft W\u00fclfingen <\/figcaption><\/figure>\n\n\n\n<figure class=\"wp-block-image size-large\"><img loading=\"lazy\" decoding=\"async\" width=\"1024\" height=\"768\" data-id=\"2157\" src=\"https:\/\/wuelfingen.de\/w24\/wp-content\/uploads\/2025\/05\/62af251f-d718-442b-9097-db830e7c743e-1024x768.jpg\" alt=\"\" class=\"wp-image-2157\" srcset=\"https:\/\/wuelfingen.de\/w24\/wp-content\/uploads\/2025\/05\/62af251f-d718-442b-9097-db830e7c743e-980x735.jpg 980w, https:\/\/wuelfingen.de\/w24\/wp-content\/uploads\/2025\/05\/62af251f-d718-442b-9097-db830e7c743e-480x360.jpg 480w\" sizes=\"(min-width: 0px) and (max-width: 480px) 480px, (min-width: 481px) and (max-width: 980px) 980px, (min-width: 981px) 1024px, 100vw\" \/><figcaption class=\"wp-element-caption\">Foto = Dorfgemeinschaft W\u00fclfingen<\/figcaption><\/figure>\n<\/figure>\n","protected":false},"excerpt":{"rendered":"<p>Am 30.04.2025 haben sich die Ortsans\u00e4ssigen Vereine um 15.30Uhr an der Mehrzweckhalle getroffen um alle Vorbereitung f\u00fcr die Aufstellung des Maibaums zu treffen. Der Ortsvorsteher Jens Fl\u00f6rke er\u00f6ffnete die Veranstaltung [&hellip;]<\/p>\n","protected":false},"author":3,"featured_media":2152,"comment_status":"closed","ping_status":"closed","sticky":false,"template":"","format":"standard","meta":{"_et_pb_use_builder":"off","_et_pb_old_content":"","_et_gb_content_width":"","_price":"","_stock":"","_tribe_ticket_header":"","_tribe_default_ticket_provider":"","_tribe_ticket_capacity":"0","_ticket_start_date":"","_ticket_end_date":"","_tribe_ticket_show_description":"","_tribe_ticket_show_not_going":false,"_tribe_ticket_use_global_stock":"","_tribe_ticket_global_stock_level":"","_global_stock_mode":"","_global_stock_cap":"","_tribe_rsvp_for_event":"","_tribe_ticket_going_count":"","_tribe_ticket_not_going_count":"","_tribe_tickets_list":"[]","_tribe_ticket_has_attendee_info_fields":false,"footnotes":""},"categories":[1],"tags":[],"class_list":["post-2151","post","type-post","status-publish","format-standard","has-post-thumbnail","hentry","category-uncategorized"],"_links":{"self":[{"href":"https:\/\/wuelfingen.de\/w24\/wp-json\/wp\/v2\/posts\/2151","targetHints":{"allow":["GET"]}}],"collection":[{"href":"https:\/\/wuelfingen.de\/w24\/wp-json\/wp\/v2\/posts"}],"about":[{"href":"https:\/\/wuelfingen.de\/w24\/wp-json\/wp\/v2\/types\/post"}],"author":[{"embeddable":true,"href":"https:\/\/wuelfingen.de\/w24\/wp-json\/wp\/v2\/users\/3"}],"replies":[{"embeddable":true,"href":"https:\/\/wuelfingen.de\/w24\/wp-json\/wp\/v2\/comments?post=2151"}],"version-history":[{"count":1,"href":"https:\/\/wuelfingen.de\/w24\/wp-json\/wp\/v2\/posts\/2151\/revisions"}],"predecessor-version":[{"id":2158,"href":"https:\/\/wuelfingen.de\/w24\/wp-json\/wp\/v2\/posts\/2151\/revisions\/2158"}],"wp:featuredmedia":[{"embeddable":true,"href":"https:\/\/wuelfingen.de\/w24\/wp-json\/wp\/v2\/media\/2152"}],"wp:attachment":[{"href":"https:\/\/wuelfingen.de\/w24\/wp-json\/wp\/v2\/media?parent=2151"}],"wp:term":[{"taxonomy":"category","embeddable":true,"href":"https:\/\/wuelfingen.de\/w24\/wp-json\/wp\/v2\/categories?post=2151"},{"taxonomy":"post_tag","embeddable":true,"href":"https:\/\/wuelfingen.de\/w24\/wp-json\/wp\/v2\/tags?post=2151"}],"curies":[{"name":"wp","href":"https:\/\/api.w.org\/{rel}","templated":true}]}}