{"id":2164,"date":"2025-05-26T07:29:43","date_gmt":"2025-05-26T05:29:43","guid":{"rendered":"https:\/\/wuelfingen.de\/w24\/?p=2164"},"modified":"2025-06-23T13:09:39","modified_gmt":"2025-06-23T11:09:39","slug":"dorfflohmarkt-2025","status":"publish","type":"post","link":"https:\/\/wuelfingen.de\/w24\/uncategorized\/dorfflohmarkt-2025\/","title":{"rendered":"Dorfflohmarkt 2025"},"content":{"rendered":"\n<p>Am Sonntag den 25.05.2025 fand unser Dorfflohmarkt statt. <\/p>\n\n\n\n<p>Zahlreiche Anwohnerinnen und Anwohner haben die Chance genutzt und einen eigenen Stand vor ihrer Haust\u00fcr er\u00f6ffnet. <\/p>\n\n\n\n<p>Trotz schlechtem Wetter war der Flohmarkt gut besucht. <\/p>\n\n\n\n<figure class=\"wp-block-gallery has-nested-images columns-default is-cropped wp-block-gallery-1 is-layout-flex wp-block-gallery-is-layout-flex\">\n<figure class=\"wp-block-image size-large\"><img loading=\"lazy\" decoding=\"async\" width=\"1024\" height=\"576\" data-id=\"2168\" src=\"https:\/\/wuelfingen.de\/w24\/wp-content\/uploads\/2025\/05\/thumbnail_c03d13d1-bf31-4de6-a78a-dba68b1584b9-1024x576.jpg\" alt=\"\" class=\"wp-image-2168\" srcset=\"https:\/\/wuelfingen.de\/w24\/wp-content\/uploads\/2025\/05\/thumbnail_c03d13d1-bf31-4de6-a78a-dba68b1584b9-1024x576.jpg 1024w, https:\/\/wuelfingen.de\/w24\/wp-content\/uploads\/2025\/05\/thumbnail_c03d13d1-bf31-4de6-a78a-dba68b1584b9-980x551.jpg 980w, https:\/\/wuelfingen.de\/w24\/wp-content\/uploads\/2025\/05\/thumbnail_c03d13d1-bf31-4de6-a78a-dba68b1584b9-480x270.jpg 480w\" sizes=\"(min-width: 0px) and (max-width: 480px) 480px, (min-width: 481px) and (max-width: 980px) 980px, (min-width: 981px) 1024px, 100vw\" \/><figcaption class=\"wp-element-caption\">Foto = Dorfgemeinschaft W\u00fclfingen <\/figcaption><\/figure>\n\n\n\n<figure class=\"wp-block-image size-large\"><img loading=\"lazy\" decoding=\"async\" width=\"576\" height=\"1024\" data-id=\"2169\" src=\"https:\/\/wuelfingen.de\/w24\/wp-content\/uploads\/2025\/05\/thumbnail_F082C8A8-36A9-4CD5-9723-EE9A0245AD50-576x1024.jpg\" alt=\"\" class=\"wp-image-2169\"\/><figcaption class=\"wp-element-caption\">Foto = Dorfgemeinschaft W\u00fclfingen <\/figcaption><\/figure>\n<\/figure>\n\n\n\n<p>Die Besucher konnten sich am Feuerwehrhaus mit k\u00fchlen Getr\u00e4nken, Pommes und leckerem vom Grill st\u00e4rken bevor sie sich dann am Nachmittag in unserer Mehrzweckhalle bei einem warmen Kaffee und einem selbstgebackenen St\u00fcck Kuchen aufw\u00e4rmen konnten. <\/p>\n\n\n\n<p>F\u00fcr alle Aussteller war es ein erfolgreicher Sonntag. Vielen Dank an alle Unterst\u00fctzer und besucher!<\/p>\n\n\n\n<figure class=\"wp-block-gallery has-nested-images columns-default is-cropped wp-block-gallery-2 is-layout-flex wp-block-gallery-is-layout-flex\">\n<figure class=\"wp-block-image size-large\"><img loading=\"lazy\" decoding=\"async\" width=\"1024\" height=\"768\" data-id=\"2166\" src=\"https:\/\/wuelfingen.de\/w24\/wp-content\/uploads\/2025\/05\/978f0a73-f4fd-44f8-ab14-ff2eaf013f83-1024x768.jpg\" alt=\"\" class=\"wp-image-2166\" srcset=\"https:\/\/wuelfingen.de\/w24\/wp-content\/uploads\/2025\/05\/978f0a73-f4fd-44f8-ab14-ff2eaf013f83-980x735.jpg 980w, https:\/\/wuelfingen.de\/w24\/wp-content\/uploads\/2025\/05\/978f0a73-f4fd-44f8-ab14-ff2eaf013f83-480x360.jpg 480w\" sizes=\"(min-width: 0px) and (max-width: 480px) 480px, (min-width: 481px) and (max-width: 980px) 980px, (min-width: 981px) 1024px, 100vw\" \/><figcaption class=\"wp-element-caption\">Foto = Dorfgemeinschaft W\u00fclfingen <\/figcaption><\/figure>\n\n\n\n<figure class=\"wp-block-image size-large\"><img loading=\"lazy\" decoding=\"async\" width=\"1024\" height=\"768\" data-id=\"2167\" src=\"https:\/\/wuelfingen.de\/w24\/wp-content\/uploads\/2025\/05\/6045ccc1-b6e4-4455-a4fa-155c6606e172-1024x768.jpg\" alt=\"\" class=\"wp-image-2167\" srcset=\"https:\/\/wuelfingen.de\/w24\/wp-content\/uploads\/2025\/05\/6045ccc1-b6e4-4455-a4fa-155c6606e172-980x735.jpg 980w, https:\/\/wuelfingen.de\/w24\/wp-content\/uploads\/2025\/05\/6045ccc1-b6e4-4455-a4fa-155c6606e172-480x360.jpg 480w\" sizes=\"(min-width: 0px) and (max-width: 480px) 480px, (min-width: 481px) and (max-width: 980px) 980px, (min-width: 981px) 1024px, 100vw\" \/><figcaption class=\"wp-element-caption\">Foto = Dorfgemeinschaft W\u00fclfingen <\/figcaption><\/figure>\n<\/figure>\n","protected":false},"excerpt":{"rendered":"<p>Am Sonntag den 25.05.2025 fand unser Dorfflohmarkt statt. Zahlreiche Anwohnerinnen und Anwohner haben die Chance genutzt und einen eigenen Stand vor ihrer Haust\u00fcr er\u00f6ffnet. Trotz schlechtem Wetter war der Flohmarkt [&hellip;]<\/p>\n","protected":false},"author":3,"featured_media":2166,"comment_status":"closed","ping_status":"closed","sticky":false,"template":"","format":"standard","meta":{"_et_pb_use_builder":"off","_et_pb_old_content":"","_et_gb_content_width":"","_price":"","_stock":"","_tribe_ticket_header":"","_tribe_default_ticket_provider":"","_tribe_ticket_capacity":"0","_ticket_start_date":"","_ticket_end_date":"","_tribe_ticket_show_description":"","_tribe_ticket_show_not_going":false,"_tribe_ticket_use_global_stock":"","_tribe_ticket_global_stock_level":"","_global_stock_mode":"","_global_stock_cap":"","_tribe_rsvp_for_event":"","_tribe_ticket_going_count":"","_tribe_ticket_not_going_count":"","_tribe_tickets_list":"[]","_tribe_ticket_has_attendee_info_fields":false,"footnotes":""},"categories":[1],"tags":[],"class_list":["post-2164","post","type-post","status-publish","format-standard","has-post-thumbnail","hentry","category-uncategorized"],"_links":{"self":[{"href":"https:\/\/wuelfingen.de\/w24\/wp-json\/wp\/v2\/posts\/2164","targetHints":{"allow":["GET"]}}],"collection":[{"href":"https:\/\/wuelfingen.de\/w24\/wp-json\/wp\/v2\/posts"}],"about":[{"href":"https:\/\/wuelfingen.de\/w24\/wp-json\/wp\/v2\/types\/post"}],"author":[{"embeddable":true,"href":"https:\/\/wuelfingen.de\/w24\/wp-json\/wp\/v2\/users\/3"}],"replies":[{"embeddable":true,"href":"https:\/\/wuelfingen.de\/w24\/wp-json\/wp\/v2\/comments?post=2164"}],"version-history":[{"count":1,"href":"https:\/\/wuelfingen.de\/w24\/wp-json\/wp\/v2\/posts\/2164\/revisions"}],"predecessor-version":[{"id":2170,"href":"https:\/\/wuelfingen.de\/w24\/wp-json\/wp\/v2\/posts\/2164\/revisions\/2170"}],"wp:featuredmedia":[{"embeddable":true,"href":"https:\/\/wuelfingen.de\/w24\/wp-json\/wp\/v2\/media\/2166"}],"wp:attachment":[{"href":"https:\/\/wuelfingen.de\/w24\/wp-json\/wp\/v2\/media?parent=2164"}],"wp:term":[{"taxonomy":"category","embeddable":true,"href":"https:\/\/wuelfingen.de\/w24\/wp-json\/wp\/v2\/categories?post=2164"},{"taxonomy":"post_tag","embeddable":true,"href":"https:\/\/wuelfingen.de\/w24\/wp-json\/wp\/v2\/tags?post=2164"}],"curies":[{"name":"wp","href":"https:\/\/api.w.org\/{rel}","templated":true}]}}