{"id":2180,"date":"2025-06-02T12:39:34","date_gmt":"2025-06-02T10:39:34","guid":{"rendered":"https:\/\/wuelfingen.de\/w24\/?p=2180"},"modified":"2025-06-23T13:09:25","modified_gmt":"2025-06-23T11:09:25","slug":"fahrrad-familentour-2025","status":"publish","type":"post","link":"https:\/\/wuelfingen.de\/w24\/uncategorized\/fahrrad-familentour-2025\/","title":{"rendered":"Fahrrad &#8211; Familentour 2025"},"content":{"rendered":"\n<p>Am gestrigen Sonntag den 01.06.2025 fand die Fahrrad &#8211; Familientour W\u00fclfingen in Kooperation mit den Orten Betheln, Barfelde, Wallenstedt und Mehle statt.<br>Alle Teilnehmer habe sich um 10Uhr an der Mehrzweckhalle in W\u00fclfingen getroffen.<br>Nach einer kurzen Ansprache wurde sich auch schon auf das Fahrrad geschwungen und die Tour begann.<br>Von W\u00fclfingen aus ging es \u00fcber die W\u00fclfinger Teiche nach Nordstemmen, dann an der Zuckerfabrik vorbei bis nach R\u00f6ssingen.<\/p>\n\n\n\n<p>In R\u00f6ssingen haben die Teilnehmer den Schlossgarten besichtigt und das \u00dcberflutungsgebeiet der R\u00f6ssinger Bieber besucht. <\/p>\n\n\n\n<figure class=\"wp-block-gallery has-nested-images columns-default is-cropped wp-block-gallery-1 is-layout-flex wp-block-gallery-is-layout-flex\">\n<figure class=\"wp-block-image size-large\"><img loading=\"lazy\" decoding=\"async\" width=\"1024\" height=\"768\" data-id=\"2182\" src=\"https:\/\/wuelfingen.de\/w24\/wp-content\/uploads\/2025\/06\/11f6b153-0201-433c-b2f5-e35fbeb14527-1024x768.jpg\" alt=\"\" class=\"wp-image-2182\" srcset=\"https:\/\/wuelfingen.de\/w24\/wp-content\/uploads\/2025\/06\/11f6b153-0201-433c-b2f5-e35fbeb14527-980x735.jpg 980w, https:\/\/wuelfingen.de\/w24\/wp-content\/uploads\/2025\/06\/11f6b153-0201-433c-b2f5-e35fbeb14527-480x360.jpg 480w\" sizes=\"(min-width: 0px) and (max-width: 480px) 480px, (min-width: 481px) and (max-width: 980px) 980px, (min-width: 981px) 1024px, 100vw\" \/><figcaption class=\"wp-element-caption\">Foto = Dorfgemeinschaft W\u00fclfingen <\/figcaption><\/figure>\n\n\n\n<figure class=\"wp-block-image size-large\"><img loading=\"lazy\" decoding=\"async\" width=\"768\" height=\"1024\" data-id=\"2181\" src=\"https:\/\/wuelfingen.de\/w24\/wp-content\/uploads\/2025\/06\/213efd95-14b1-4274-bf15-0d4ece1f244e-768x1024.jpg\" alt=\"\" class=\"wp-image-2181\"\/><figcaption class=\"wp-element-caption\">Foto = Dorfgemeinschaft W\u00fclfingen <\/figcaption><\/figure>\n<\/figure>\n\n\n\n<p><br>Danach ging es an den Giftener Teichen vorbei um nach Jeinsen zu gelangen, wo flei\u00dfige Helfer mit kalten Getr\u00e4nken, belegten Br\u00f6tchen und Bockw\u00fcrsten warteten. Nach der St\u00e4rkung informierte der Kirchenvorstand zu den Besonderheiten der Kirche, des Gemeindehauses und des Friedhofs. <\/p>\n\n\n\n<figure class=\"wp-block-gallery has-nested-images columns-default is-cropped wp-block-gallery-2 is-layout-flex wp-block-gallery-is-layout-flex\">\n<figure class=\"wp-block-image size-large\"><img loading=\"lazy\" decoding=\"async\" width=\"768\" height=\"1024\" data-id=\"2187\" src=\"https:\/\/wuelfingen.de\/w24\/wp-content\/uploads\/2025\/06\/bf3e077d-2713-4ec8-8f15-0ee73085330f-768x1024.jpg\" alt=\"\" class=\"wp-image-2187\"\/><figcaption class=\"wp-element-caption\">Foto = Dorfgemeinschaft W\u00fclfingen <\/figcaption><\/figure>\n\n\n\n<figure class=\"wp-block-image size-large\"><img loading=\"lazy\" decoding=\"async\" width=\"768\" height=\"1024\" data-id=\"2183\" src=\"https:\/\/wuelfingen.de\/w24\/wp-content\/uploads\/2025\/06\/bac0c51e-08d3-497b-adf5-5240959168e4-768x1024.jpg\" alt=\"\" class=\"wp-image-2183\"\/><figcaption class=\"wp-element-caption\">Foto = Dorfgemeinschaft W\u00fclfingen <\/figcaption><\/figure>\n<\/figure>\n\n\n\n<p><br>Damit die 40km am Ende des Tages voll wurden, ging es \u00fcber Thiedenwisese nach Adensen zur Windkraftanalge.<\/p>\n\n\n\n<p>Dort wurden den Teilnehmern informationen zum bau der Windkraftanlage sowie der Energiegewinnung erz\u00e4hlt. <\/p>\n\n\n\n<p>Zum kr\u00f6nenden Abschluss ging die Tour \u00fcber Hallerburg zur\u00fcck nach W\u00fclfingen.<br>An der Mehrzweckhalle in W\u00fclfingen angekommen warteten schon kalte Getr\u00e4nke, Grillgut, Kuchen und Kaffee auf die Teilnehmer. <br>Die Radtour hat allen Teilnehmern gro\u00dfen Spa\u00df gemacht und war zudem sehr informativ.<\/p>\n\n\n\n<figure class=\"wp-block-gallery has-nested-images columns-default is-cropped wp-block-gallery-3 is-layout-flex wp-block-gallery-is-layout-flex\">\n<figure class=\"wp-block-image size-large\"><img loading=\"lazy\" decoding=\"async\" width=\"1024\" height=\"768\" data-id=\"2185\" src=\"https:\/\/wuelfingen.de\/w24\/wp-content\/uploads\/2025\/06\/cedd835d-be1c-4456-811b-aa019d2cd1db-1024x768.jpg\" alt=\"\" class=\"wp-image-2185\" srcset=\"https:\/\/wuelfingen.de\/w24\/wp-content\/uploads\/2025\/06\/cedd835d-be1c-4456-811b-aa019d2cd1db-980x735.jpg 980w, https:\/\/wuelfingen.de\/w24\/wp-content\/uploads\/2025\/06\/cedd835d-be1c-4456-811b-aa019d2cd1db-480x360.jpg 480w\" sizes=\"(min-width: 0px) and (max-width: 480px) 480px, (min-width: 481px) and (max-width: 980px) 980px, (min-width: 981px) 1024px, 100vw\" \/><figcaption class=\"wp-element-caption\">Foto = Dorfgemeinschaft W\u00fclfingen <\/figcaption><\/figure>\n\n\n\n<figure class=\"wp-block-image size-large\"><img loading=\"lazy\" decoding=\"async\" width=\"1024\" height=\"576\" data-id=\"2186\" src=\"https:\/\/wuelfingen.de\/w24\/wp-content\/uploads\/2025\/06\/thumbnail_C189A525-4D1F-43F6-B4C2-CCAE49E395EC-1024x576.jpg\" alt=\"\" class=\"wp-image-2186\" srcset=\"https:\/\/wuelfingen.de\/w24\/wp-content\/uploads\/2025\/06\/thumbnail_C189A525-4D1F-43F6-B4C2-CCAE49E395EC-980x551.jpg 980w, https:\/\/wuelfingen.de\/w24\/wp-content\/uploads\/2025\/06\/thumbnail_C189A525-4D1F-43F6-B4C2-CCAE49E395EC-480x270.jpg 480w\" sizes=\"(min-width: 0px) and (max-width: 480px) 480px, (min-width: 481px) and (max-width: 980px) 980px, (min-width: 981px) 1024px, 100vw\" \/><figcaption class=\"wp-element-caption\">Foto = Dorfgemeinschaft W\u00fclfingen <\/figcaption><\/figure>\n<\/figure>\n","protected":false},"excerpt":{"rendered":"<p>Am gestrigen Sonntag den 01.06.2025 fand die Fahrrad &#8211; Familientour W\u00fclfingen in Kooperation mit den Orten Betheln, Barfelde, Wallenstedt und Mehle statt.Alle Teilnehmer habe sich um 10Uhr an der Mehrzweckhalle [&hellip;]<\/p>\n","protected":false},"author":3,"featured_media":2183,"comment_status":"closed","ping_status":"closed","sticky":false,"template":"","format":"standard","meta":{"_et_pb_use_builder":"off","_et_pb_old_content":"","_et_gb_content_width":"","_price":"","_stock":"","_tribe_ticket_header":"","_tribe_default_ticket_provider":"","_tribe_ticket_capacity":"0","_ticket_start_date":"","_ticket_end_date":"","_tribe_ticket_show_description":"","_tribe_ticket_show_not_going":false,"_tribe_ticket_use_global_stock":"","_tribe_ticket_global_stock_level":"","_global_stock_mode":"","_global_stock_cap":"","_tribe_rsvp_for_event":"","_tribe_ticket_going_count":"","_tribe_ticket_not_going_count":"","_tribe_tickets_list":"[]","_tribe_ticket_has_attendee_info_fields":false,"footnotes":""},"categories":[1],"tags":[],"class_list":["post-2180","post","type-post","status-publish","format-standard","has-post-thumbnail","hentry","category-uncategorized"],"_links":{"self":[{"href":"https:\/\/wuelfingen.de\/w24\/wp-json\/wp\/v2\/posts\/2180","targetHints":{"allow":["GET"]}}],"collection":[{"href":"https:\/\/wuelfingen.de\/w24\/wp-json\/wp\/v2\/posts"}],"about":[{"href":"https:\/\/wuelfingen.de\/w24\/wp-json\/wp\/v2\/types\/post"}],"author":[{"embeddable":true,"href":"https:\/\/wuelfingen.de\/w24\/wp-json\/wp\/v2\/users\/3"}],"replies":[{"embeddable":true,"href":"https:\/\/wuelfingen.de\/w24\/wp-json\/wp\/v2\/comments?post=2180"}],"version-history":[{"count":1,"href":"https:\/\/wuelfingen.de\/w24\/wp-json\/wp\/v2\/posts\/2180\/revisions"}],"predecessor-version":[{"id":2188,"href":"https:\/\/wuelfingen.de\/w24\/wp-json\/wp\/v2\/posts\/2180\/revisions\/2188"}],"wp:featuredmedia":[{"embeddable":true,"href":"https:\/\/wuelfingen.de\/w24\/wp-json\/wp\/v2\/media\/2183"}],"wp:attachment":[{"href":"https:\/\/wuelfingen.de\/w24\/wp-json\/wp\/v2\/media?parent=2180"}],"wp:term":[{"taxonomy":"category","embeddable":true,"href":"https:\/\/wuelfingen.de\/w24\/wp-json\/wp\/v2\/categories?post=2180"},{"taxonomy":"post_tag","embeddable":true,"href":"https:\/\/wuelfingen.de\/w24\/wp-json\/wp\/v2\/tags?post=2180"}],"curies":[{"name":"wp","href":"https:\/\/api.w.org\/{rel}","templated":true}]}}