{"id":2205,"date":"2025-10-11T15:03:06","date_gmt":"2025-10-11T13:03:06","guid":{"rendered":"https:\/\/wuelfingen.de\/w24\/?p=2205"},"modified":"2025-10-11T15:03:08","modified_gmt":"2025-10-11T13:03:08","slug":"apfelpfluecken-2025","status":"publish","type":"post","link":"https:\/\/wuelfingen.de\/w24\/uncategorized\/apfelpfluecken-2025\/","title":{"rendered":"Apfelpfl\u00fccken 2025"},"content":{"rendered":"\n<p>Am 17. September haben sich die einzelnen Vereine zusammengefunden, um gemeinsam \u00c4pfel zu sammeln \u2013 und zwar nicht einfach so, sondern f\u00fcr eine richtig tolle Aktion!<\/p>\n\n\n\n<p>Initiiert wurde das Ganze von unserem Ortsvorsteher\u00a0<strong>Jens Fl\u00f6rke<\/strong>, der die Sammelaktion ins Leben gerufen hat, um daraus frischen\u00a0<strong>Apfelsaft<\/strong>\u00a0herstellen zu lassen. <\/p>\n\n\n\n<figure class=\"wp-block-gallery has-nested-images columns-default is-cropped wp-block-gallery-1 is-layout-flex wp-block-gallery-is-layout-flex\">\n<figure class=\"wp-block-image size-large\"><img loading=\"lazy\" decoding=\"async\" width=\"576\" height=\"1024\" data-id=\"2210\" src=\"https:\/\/wuelfingen.de\/w24\/wp-content\/uploads\/2025\/10\/IMG_3761-1-576x1024.jpeg\" alt=\"\" class=\"wp-image-2210\"\/><figcaption class=\"wp-element-caption\">Foto = Dorfgemeinschaft W\u00fclfingen<\/figcaption><\/figure>\n\n\n\n<figure class=\"wp-block-image size-large\"><img loading=\"lazy\" decoding=\"async\" width=\"576\" height=\"1024\" data-id=\"2211\" src=\"https:\/\/wuelfingen.de\/w24\/wp-content\/uploads\/2025\/10\/IMG_3747-576x1024.jpeg\" alt=\"\" class=\"wp-image-2211\"\/><figcaption class=\"wp-element-caption\">Foto = Dorfgemeinschaft W\u00fclfingen<\/figcaption><\/figure>\n<\/figure>\n\n\n\n<p>Mit Eimern, K\u00f6rben und jeder Menge Motivation ging es auf die Streuobstwiesen \u2013 und die beteiligten haben eine beachtliche Menge \u00c4pfel zusammengetragen. Als kleines Dankesch\u00f6n f\u00fcr den Einsatz durfte sich jedes Kind \u00fcber ein eigenes Paket Apfelsaft freuen \u2013 eine wirklich sch\u00f6ne Geste!<\/p>\n\n\n\n<p>Ein gro\u00dfes\u00a0<strong>Dankesch\u00f6n<\/strong>\u00a0geht an\u00a0<strong>Jens Fl\u00f6rke<\/strong>\u00a0f\u00fcr die Organisation und sein Engament. Es hat nicht nur Spa\u00df gemacht, sondern war auch ein sch\u00f6ner Beitrag f\u00fcr die Gemeinschaft.<\/p>\n\n\n\n<p><\/p>\n\n\n\n<figure class=\"wp-block-gallery has-nested-images columns-default is-cropped wp-block-gallery-2 is-layout-flex wp-block-gallery-is-layout-flex\">\n<figure class=\"wp-block-image size-large\"><img loading=\"lazy\" decoding=\"async\" width=\"1024\" height=\"576\" data-id=\"2207\" src=\"https:\/\/wuelfingen.de\/w24\/wp-content\/uploads\/2025\/10\/IMG_3814-1024x576.jpeg\" alt=\"\" class=\"wp-image-2207\" srcset=\"https:\/\/wuelfingen.de\/w24\/wp-content\/uploads\/2025\/10\/IMG_3814-980x551.jpeg 980w, https:\/\/wuelfingen.de\/w24\/wp-content\/uploads\/2025\/10\/IMG_3814-480x270.jpeg 480w\" sizes=\"(min-width: 0px) and (max-width: 480px) 480px, (min-width: 481px) and (max-width: 980px) 980px, (min-width: 981px) 1024px, 100vw\" \/><figcaption class=\"wp-element-caption\">Foto = Dorfgemeinschaft W\u00fclfingen<\/figcaption><\/figure>\n\n\n\n<figure class=\"wp-block-image size-large\"><img loading=\"lazy\" decoding=\"async\" width=\"768\" height=\"1024\" data-id=\"2206\" src=\"https:\/\/wuelfingen.de\/w24\/wp-content\/uploads\/2025\/10\/6ab2787c-f786-48a5-8c8d-975de555250a-768x1024.jpg\" alt=\"\" class=\"wp-image-2206\"\/><figcaption class=\"wp-element-caption\">Foto = Dorfgemeinschaft W\u00fclfingen<\/figcaption><\/figure>\n<\/figure>\n","protected":false},"excerpt":{"rendered":"<p>Am 17. September haben sich die einzelnen Vereine zusammengefunden, um gemeinsam \u00c4pfel zu sammeln \u2013 und zwar nicht einfach so, sondern f\u00fcr eine richtig tolle Aktion! Initiiert wurde das Ganze [&hellip;]<\/p>\n","protected":false},"author":3,"featured_media":0,"comment_status":"closed","ping_status":"open","sticky":false,"template":"","format":"standard","meta":{"_et_pb_use_builder":"off","_et_pb_old_content":"","_et_gb_content_width":"","_price":"","_stock":"","_tribe_ticket_header":"","_tribe_default_ticket_provider":"","_tribe_ticket_capacity":"0","_ticket_start_date":"","_ticket_end_date":"","_tribe_ticket_show_description":"","_tribe_ticket_show_not_going":false,"_tribe_ticket_use_global_stock":"","_tribe_ticket_global_stock_level":"","_global_stock_mode":"","_global_stock_cap":"","_tribe_rsvp_for_event":"","_tribe_ticket_going_count":"","_tribe_ticket_not_going_count":"","_tribe_tickets_list":"[]","_tribe_ticket_has_attendee_info_fields":false,"footnotes":""},"categories":[1],"tags":[],"class_list":["post-2205","post","type-post","status-publish","format-standard","hentry","category-uncategorized"],"_links":{"self":[{"href":"https:\/\/wuelfingen.de\/w24\/wp-json\/wp\/v2\/posts\/2205","targetHints":{"allow":["GET"]}}],"collection":[{"href":"https:\/\/wuelfingen.de\/w24\/wp-json\/wp\/v2\/posts"}],"about":[{"href":"https:\/\/wuelfingen.de\/w24\/wp-json\/wp\/v2\/types\/post"}],"author":[{"embeddable":true,"href":"https:\/\/wuelfingen.de\/w24\/wp-json\/wp\/v2\/users\/3"}],"replies":[{"embeddable":true,"href":"https:\/\/wuelfingen.de\/w24\/wp-json\/wp\/v2\/comments?post=2205"}],"version-history":[{"count":1,"href":"https:\/\/wuelfingen.de\/w24\/wp-json\/wp\/v2\/posts\/2205\/revisions"}],"predecessor-version":[{"id":2212,"href":"https:\/\/wuelfingen.de\/w24\/wp-json\/wp\/v2\/posts\/2205\/revisions\/2212"}],"wp:attachment":[{"href":"https:\/\/wuelfingen.de\/w24\/wp-json\/wp\/v2\/media?parent=2205"}],"wp:term":[{"taxonomy":"category","embeddable":true,"href":"https:\/\/wuelfingen.de\/w24\/wp-json\/wp\/v2\/categories?post=2205"},{"taxonomy":"post_tag","embeddable":true,"href":"https:\/\/wuelfingen.de\/w24\/wp-json\/wp\/v2\/tags?post=2205"}],"curies":[{"name":"wp","href":"https:\/\/api.w.org\/{rel}","templated":true}]}}